{"id":491,"date":"2017-07-03T14:48:42","date_gmt":"2017-07-03T17:48:42","guid":{"rendered":"http:\/\/www.donpablo.com.br\/blog\/?p=491"},"modified":"2017-07-13T09:47:23","modified_gmt":"2017-07-13T12:47:23","slug":"saragaco-bombinhas-2017","status":"publish","type":"post","link":"https:\/\/www.donpablo.com.br\/blog\/saragaco-bombinhas-2017\/","title":{"rendered":"Saraga\u00e7o, a grandiosa festa dos pescadores de Bombinhas"},"content":{"rendered":"<p>J\u00e1 imaginou uma competi\u00e7\u00e3o de reunisse ranchos de pescadores, com desafios que envolvem a tradi\u00e7\u00e3o da pesca da tainha? Parece inusitado, n\u00e3o \u00e9? Mas \u00e9 o que acontece no <strong>Saraga\u00e7o em Bombinhas<\/strong>. Mais de 200 pescadores participam de uma celebra\u00e7\u00e3o que envolve muito amor pela pr\u00e1tica da pesca da tainha.<\/p>\n<figure id=\"attachment_497\" aria-describedby=\"caption-attachment-497\" style=\"width: 640px\" class=\"wp-caption aligncenter\"><a href=\"https:\/\/www.donpablo.com.br\/blog\/wp-content\/uploads\/2017\/06\/Saraga\u00e7o.jpg\"><img fetchpriority=\"high\" decoding=\"async\" class=\"size-full wp-image-497\" src=\"https:\/\/www.donpablo.com.br\/blog\/wp-content\/uploads\/2017\/06\/Saraga\u00e7o.jpg\" alt=\"Divulga\u00e7\u00e3o Saraga\u00e7o 2017\" width=\"640\" height=\"452\" srcset=\"https:\/\/www.donpablo.com.br\/blog\/wp-content\/uploads\/2017\/06\/Saraga\u00e7o.jpg 640w, https:\/\/www.donpablo.com.br\/blog\/wp-content\/uploads\/2017\/06\/Saraga\u00e7o-300x212.jpg 300w, https:\/\/www.donpablo.com.br\/blog\/wp-content\/uploads\/2017\/06\/Saraga\u00e7o-211x150.jpg 211w\" sizes=\"(max-width: 640px) 100vw, 640px\" \/><\/a><figcaption id=\"caption-attachment-497\" class=\"wp-caption-text\">Divulga\u00e7\u00e3o Saraga\u00e7o 2017<\/figcaption><\/figure>\n<p>Ap\u00f3s a temporada de pesca da tainha, os pescadores se re\u00fanem para realizar o festival que chama a aten\u00e7\u00e3o de turistas e moradores. O Saraga\u00e7o conta com a gastronomia t\u00edpica local, pra\u00e7a de artesanato e \u00a0atra\u00e7\u00f5es musicais de artistas regionais, al\u00e9m \u00e9 claro das provas que envolvem habilidades de pesca e canoa.<\/p>\n<p>&nbsp;<\/p>\n<h2><strong>Surgimento do Saraga\u00e7o<\/strong><\/h2>\n<p>O Saraga\u00e7o surgiu em 2016, ap\u00f3s uma das melhores temporadas de pesca dos \u00faltimos tempos. A idealizadora Telma Mafra, do instituto cultural Camuger\u00ea, lan\u00e7ou como objetivo resgatar a cultura dos pescadores de 20 anos atr\u00e1s. Telma tamb\u00e9m \u00e9 filha de pescadores e conta que, na \u00e9poca, os pescadores se reuniam para um grande confraterniza\u00e7\u00e3o. Para estimul\u00e1-los a resgatar a tradi\u00e7\u00e3o, envolveu no evento essa grande competi\u00e7\u00e3o.<\/p>\n<figure id=\"attachment_496\" aria-describedby=\"caption-attachment-496\" style=\"width: 640px\" class=\"wp-caption aligncenter\"><a href=\"https:\/\/www.donpablo.com.br\/blog\/wp-content\/uploads\/2017\/06\/Saraga\u00e7o5.jpg\"><img decoding=\"async\" class=\"size-full wp-image-496\" src=\"https:\/\/www.donpablo.com.br\/blog\/wp-content\/uploads\/2017\/06\/Saraga\u00e7o5.jpg\" alt=\"Etapa de tarrafa na \u00e1gua, Saraga\u00e7o 2016 (Foto: Santiago Jos\u00e9 Alef, fanpage Saraga\u00e7o)\" width=\"640\" height=\"426\" srcset=\"https:\/\/www.donpablo.com.br\/blog\/wp-content\/uploads\/2017\/06\/Saraga\u00e7o5.jpg 640w, https:\/\/www.donpablo.com.br\/blog\/wp-content\/uploads\/2017\/06\/Saraga\u00e7o5-300x200.jpg 300w\" sizes=\"(max-width: 640px) 100vw, 640px\" \/><\/a><figcaption id=\"caption-attachment-496\" class=\"wp-caption-text\">Etapa de tarrafa na \u00e1gua, Saraga\u00e7o 2016 (Foto: Santiago Jos\u00e9 Alef, fanpage Saraga\u00e7o)<\/figcaption><\/figure>\n<p>Na primeira edi\u00e7\u00e3o do evento pescadores de 12 ranchos diferentes participaram. Os ranchos, incluindo a equipe visitante do Estaleirinho, Balne\u00e1rio Cambori\u00fa, realizaram diversas provas para conquistar o t\u00edtulo. O campe\u00e3o do Saraga\u00e7o ano passado foi o <strong>Rancho Lino \u2013 Camaradagem da Mar\u00e9 Manda.<\/strong><\/p>\n<figure id=\"attachment_492\" aria-describedby=\"caption-attachment-492\" style=\"width: 640px\" class=\"wp-caption aligncenter\"><a href=\"https:\/\/www.donpablo.com.br\/blog\/wp-content\/uploads\/2017\/06\/Saraga\u00e7o1.jpg\"><img decoding=\"async\" class=\"size-full wp-image-492\" src=\"https:\/\/www.donpablo.com.br\/blog\/wp-content\/uploads\/2017\/06\/Saraga\u00e7o1.jpg\" alt=\"Rancho do Lino, Camaradagem da Mar\u00e9 Mansa, campe\u00f5es da primeira edi\u00e7\u00e3o do Saraga\u00e7o (Foto: Fanpage Saraga\u00e7o)\" width=\"640\" height=\"360\" srcset=\"https:\/\/www.donpablo.com.br\/blog\/wp-content\/uploads\/2017\/06\/Saraga\u00e7o1.jpg 640w, https:\/\/www.donpablo.com.br\/blog\/wp-content\/uploads\/2017\/06\/Saraga\u00e7o1-300x169.jpg 300w\" sizes=\"(max-width: 640px) 100vw, 640px\" \/><\/a><figcaption id=\"caption-attachment-492\" class=\"wp-caption-text\">Rancho do Lino, Camaradagem da Mar\u00e9 Mansa, campe\u00f5es da primeira edi\u00e7\u00e3o do Saraga\u00e7o (Foto: Fanpage Saraga\u00e7o)<\/figcaption><\/figure>\n<p>Na ocasi\u00e3o, mais de 1500 pessoas compareceram e participaram das festividades. O evento, al\u00e9m da gincana, contou com uma pra\u00e7a de artesanatos e gastronomia t\u00edpica, uma programa\u00e7\u00e3o musical exclusiva com artistas regionalistas e apresenta\u00e7\u00f5es culturais.<\/p>\n<p>&nbsp;<\/p>\n<h2><strong>Saraga\u00e7o 2017 em Bombinhas<\/strong><\/h2>\n<p>Com o sucesso da primeira edi\u00e7\u00e3o, n\u00e3o restaram d\u00favidas que a tradi\u00e7\u00e3o fosse continuar. Para 2017, a festa j\u00e1 conta com 13 ranchos inscritos e a estimativa de receber 2000 pessoas. A pra\u00e7a de artesanato e gastronomia, a programa\u00e7\u00e3o musical e apresenta\u00e7\u00f5es culturais tamb\u00e9m voltam a fazer parte do festejo.<\/p>\n<figure id=\"attachment_493\" aria-describedby=\"caption-attachment-493\" style=\"width: 640px\" class=\"wp-caption aligncenter\"><a href=\"https:\/\/www.donpablo.com.br\/blog\/wp-content\/uploads\/2017\/06\/Saraga\u00e7o2.jpg\"><img loading=\"lazy\" decoding=\"async\" class=\"size-full wp-image-493\" src=\"https:\/\/www.donpablo.com.br\/blog\/wp-content\/uploads\/2017\/06\/Saraga\u00e7o2.jpg\" alt=\"Programa\u00e7\u00e3o cultural. Foto da primeira edi\u00e7\u00e3o do Saraga\u00e7o (Foto: Fanpage Saraga\u00e7o)\" width=\"640\" height=\"426\" srcset=\"https:\/\/www.donpablo.com.br\/blog\/wp-content\/uploads\/2017\/06\/Saraga\u00e7o2.jpg 640w, https:\/\/www.donpablo.com.br\/blog\/wp-content\/uploads\/2017\/06\/Saraga\u00e7o2-300x200.jpg 300w\" sizes=\"(max-width: 640px) 100vw, 640px\" \/><\/a><figcaption id=\"caption-attachment-493\" class=\"wp-caption-text\">Programa\u00e7\u00e3o cultural. Foto da primeira edi\u00e7\u00e3o do Saraga\u00e7o (Foto: Fanpage Saraga\u00e7o)<\/figcaption><\/figure>\n<p>O evento acontece nos pr\u00f3ximos dias <strong>8 e 9 de junho <\/strong>a partir das <strong>8h da manh\u00e3<\/strong>. O final de semana promete fortes emo\u00e7\u00f5es e muita divers\u00e3o nas areias da <strong>Praia de Bombinhas<\/strong>.<\/p>\n<figure id=\"attachment_495\" aria-describedby=\"caption-attachment-495\" style=\"width: 640px\" class=\"wp-caption aligncenter\"><a href=\"https:\/\/www.donpablo.com.br\/blog\/wp-content\/uploads\/2017\/06\/Saraga\u00e7o4.jpg\"><img loading=\"lazy\" decoding=\"async\" class=\"size-full wp-image-495\" src=\"https:\/\/www.donpablo.com.br\/blog\/wp-content\/uploads\/2017\/06\/Saraga\u00e7o4.jpg\" alt=\"Competi\u00e7\u00e3o dos pescadores, Saraga\u00e7o 2016 (Foto: Santiago Jos\u00e9 Alef, fanpage Saraga\u00e7o)\" width=\"640\" height=\"960\" srcset=\"https:\/\/www.donpablo.com.br\/blog\/wp-content\/uploads\/2017\/06\/Saraga\u00e7o4.jpg 640w, https:\/\/www.donpablo.com.br\/blog\/wp-content\/uploads\/2017\/06\/Saraga\u00e7o4-200x300.jpg 200w\" sizes=\"(max-width: 640px) 100vw, 640px\" \/><\/a><figcaption id=\"caption-attachment-495\" class=\"wp-caption-text\">Competi\u00e7\u00e3o dos pescadores, Saraga\u00e7o 2016 (Foto: Santiago Jos\u00e9 Alef, fanpage Saraga\u00e7o)<\/figcaption><\/figure>\n<p>Para mais informa\u00e7\u00f5es, acesse a <a href=\"https:\/\/www.facebook.com\/saragacobombinhas\/\"><strong>fanpage oficial do evento no Facebook<\/strong><\/a>.<\/p>\n<p>&nbsp;<\/p>\n<p>N\u00e3o perca essa chance, venha prestigiar um dos eventos que j\u00e1 se tornou um dos mais importantes do munic\u00edpio. <a href=\"https:\/\/hotels.cloudbeds.com\/reservas\/QJhw9T\"><strong>Fa\u00e7a uma reserva conosco<\/strong><\/a> e garanta os melhores pre\u00e7os com exclusividade.<\/p>\n","protected":false},"excerpt":{"rendered":"<p>J\u00e1 imaginou uma competi\u00e7\u00e3o de reunisse ranchos de pescadores, com desafios que envolvem a tradi\u00e7\u00e3o da pesca da tainha? Parece inusitado, n\u00e3o \u00e9? Mas \u00e9 o que acontece no Saraga\u00e7o em Bombinhas. Mais de 200 pescadores participam de uma celebra\u00e7\u00e3o que envolve muito amor pela pr\u00e1tica da pesca da tainha. Ap\u00f3s a temporada de pesca [&hellip;]<\/p>\n","protected":false},"author":2,"featured_media":494,"comment_status":"closed","ping_status":"closed","sticky":false,"template":"","format":"standard","meta":{"footnotes":""},"categories":[5],"tags":[33,43,42],"class_list":["post-491","post","type-post","status-publish","format-standard","has-post-thumbnail","hentry","category-bombinhas","tag-cultura","tag-pesca","tag-saragaco"],"yoast_head":"<!-- This site is optimized with the Yoast SEO plugin v25.5 - https:\/\/yoast.com\/wordpress\/plugins\/seo\/ -->\n<title>Saraga\u00e7o, a grandiosa festa dos pescadores de Bombinhas - Don Pablo<\/title>\n<meta name=\"description\" content=\"J\u00e1 imaginou uma competi\u00e7\u00e3o de reunisse ranchos de pescadores, com desafios que envolvem a tradi\u00e7\u00e3o da pesca da tainha? Em Bombinhas, conhe\u00e7a o Saraga\u00e7o.\" \/>\n<meta name=\"robots\" content=\"index, follow, max-snippet:-1, max-image-preview:large, max-video-preview:-1\" \/>\n<link rel=\"canonical\" href=\"https:\/\/www.donpablo.com.br\/blog\/saragaco-bombinhas-2017\/\" \/>\n<meta property=\"og:locale\" content=\"pt_BR\" \/>\n<meta property=\"og:type\" content=\"article\" \/>\n<meta property=\"og:title\" content=\"Saraga\u00e7o, a grandiosa festa dos pescadores de Bombinhas - Don Pablo\" \/>\n<meta property=\"og:description\" content=\"J\u00e1 imaginou uma competi\u00e7\u00e3o de reunisse ranchos de pescadores, com desafios que envolvem a tradi\u00e7\u00e3o da pesca da tainha? Em Bombinhas, conhe\u00e7a o Saraga\u00e7o.\" \/>\n<meta property=\"og:url\" content=\"https:\/\/www.donpablo.com.br\/blog\/saragaco-bombinhas-2017\/\" \/>\n<meta property=\"og:site_name\" content=\"Don Pablo\" \/>\n<meta property=\"article:published_time\" content=\"2017-07-03T17:48:42+00:00\" \/>\n<meta property=\"article:modified_time\" content=\"2017-07-13T12:47:23+00:00\" \/>\n<meta property=\"og:image\" content=\"https:\/\/www.donpablo.com.br\/blog\/wp-content\/uploads\/2017\/06\/Saraga\u00e7o3.jpg\" \/>\n\t<meta property=\"og:image:width\" content=\"640\" \/>\n\t<meta property=\"og:image:height\" content=\"426\" \/>\n\t<meta property=\"og:image:type\" content=\"image\/jpeg\" \/>\n<meta name=\"author\" content=\"Administrador\" \/>\n<meta name=\"twitter:card\" content=\"summary_large_image\" \/>\n<meta name=\"twitter:label1\" content=\"Escrito por\" \/>\n\t<meta name=\"twitter:data1\" content=\"Administrador\" \/>\n\t<meta name=\"twitter:label2\" content=\"Est. tempo de leitura\" \/>\n\t<meta name=\"twitter:data2\" content=\"3 minutos\" \/>\n<script type=\"application\/ld+json\" class=\"yoast-schema-graph\">{\"@context\":\"https:\/\/schema.org\",\"@graph\":[{\"@type\":\"WebPage\",\"@id\":\"https:\/\/www.donpablo.com.br\/blog\/saragaco-bombinhas-2017\/\",\"url\":\"https:\/\/www.donpablo.com.br\/blog\/saragaco-bombinhas-2017\/\",\"name\":\"Saraga\u00e7o, a grandiosa festa dos pescadores de Bombinhas - Don Pablo\",\"isPartOf\":{\"@id\":\"https:\/\/www.donpablo.com.br\/blog\/#website\"},\"primaryImageOfPage\":{\"@id\":\"https:\/\/www.donpablo.com.br\/blog\/saragaco-bombinhas-2017\/#primaryimage\"},\"image\":{\"@id\":\"https:\/\/www.donpablo.com.br\/blog\/saragaco-bombinhas-2017\/#primaryimage\"},\"thumbnailUrl\":\"https:\/\/www.donpablo.com.br\/blog\/wp-content\/uploads\/2017\/06\/Saraga\u00e7o3.jpg\",\"datePublished\":\"2017-07-03T17:48:42+00:00\",\"dateModified\":\"2017-07-13T12:47:23+00:00\",\"author\":{\"@id\":\"https:\/\/www.donpablo.com.br\/blog\/#\/schema\/person\/eb0bf03e16b82be7a2cbf9ec8f9672fc\"},\"description\":\"J\u00e1 imaginou uma competi\u00e7\u00e3o de reunisse ranchos de pescadores, com desafios que envolvem a tradi\u00e7\u00e3o da pesca da tainha? Em Bombinhas, conhe\u00e7a o Saraga\u00e7o.\",\"breadcrumb\":{\"@id\":\"https:\/\/www.donpablo.com.br\/blog\/saragaco-bombinhas-2017\/#breadcrumb\"},\"inLanguage\":\"pt-BR\",\"potentialAction\":[{\"@type\":\"ReadAction\",\"target\":[\"https:\/\/www.donpablo.com.br\/blog\/saragaco-bombinhas-2017\/\"]}]},{\"@type\":\"ImageObject\",\"inLanguage\":\"pt-BR\",\"@id\":\"https:\/\/www.donpablo.com.br\/blog\/saragaco-bombinhas-2017\/#primaryimage\",\"url\":\"https:\/\/www.donpablo.com.br\/blog\/wp-content\/uploads\/2017\/06\/Saraga\u00e7o3.jpg\",\"contentUrl\":\"https:\/\/www.donpablo.com.br\/blog\/wp-content\/uploads\/2017\/06\/Saraga\u00e7o3.jpg\",\"width\":640,\"height\":426,\"caption\":\"Competi\u00e7\u00e3o Saraga\u00e7o 2016 (Foto: Santiago Jos\u00e9 Alef, fanpage Saraga\u00e7o)\"},{\"@type\":\"BreadcrumbList\",\"@id\":\"https:\/\/www.donpablo.com.br\/blog\/saragaco-bombinhas-2017\/#breadcrumb\",\"itemListElement\":[{\"@type\":\"ListItem\",\"position\":1,\"name\":\"In\u00edcio\",\"item\":\"https:\/\/www.donpablo.com.br\/blog\/\"},{\"@type\":\"ListItem\",\"position\":2,\"name\":\"Saraga\u00e7o, a grandiosa festa dos pescadores de Bombinhas\"}]},{\"@type\":\"WebSite\",\"@id\":\"https:\/\/www.donpablo.com.br\/blog\/#website\",\"url\":\"https:\/\/www.donpablo.com.br\/blog\/\",\"name\":\"Don Pablo\",\"description\":\"\",\"potentialAction\":[{\"@type\":\"SearchAction\",\"target\":{\"@type\":\"EntryPoint\",\"urlTemplate\":\"https:\/\/www.donpablo.com.br\/blog\/?s={search_term_string}\"},\"query-input\":{\"@type\":\"PropertyValueSpecification\",\"valueRequired\":true,\"valueName\":\"search_term_string\"}}],\"inLanguage\":\"pt-BR\"},{\"@type\":\"Person\",\"@id\":\"https:\/\/www.donpablo.com.br\/blog\/#\/schema\/person\/eb0bf03e16b82be7a2cbf9ec8f9672fc\",\"name\":\"Administrador\",\"url\":\"https:\/\/www.donpablo.com.br\/blog\/author\/admin\/\"}]}<\/script>\n<!-- \/ Yoast SEO plugin. -->","yoast_head_json":{"title":"Saraga\u00e7o, a grandiosa festa dos pescadores de Bombinhas - Don Pablo","description":"J\u00e1 imaginou uma competi\u00e7\u00e3o de reunisse ranchos de pescadores, com desafios que envolvem a tradi\u00e7\u00e3o da pesca da tainha? Em Bombinhas, conhe\u00e7a o Saraga\u00e7o.","robots":{"index":"index","follow":"follow","max-snippet":"max-snippet:-1","max-image-preview":"max-image-preview:large","max-video-preview":"max-video-preview:-1"},"canonical":"https:\/\/www.donpablo.com.br\/blog\/saragaco-bombinhas-2017\/","og_locale":"pt_BR","og_type":"article","og_title":"Saraga\u00e7o, a grandiosa festa dos pescadores de Bombinhas - Don Pablo","og_description":"J\u00e1 imaginou uma competi\u00e7\u00e3o de reunisse ranchos de pescadores, com desafios que envolvem a tradi\u00e7\u00e3o da pesca da tainha? Em Bombinhas, conhe\u00e7a o Saraga\u00e7o.","og_url":"https:\/\/www.donpablo.com.br\/blog\/saragaco-bombinhas-2017\/","og_site_name":"Don Pablo","article_published_time":"2017-07-03T17:48:42+00:00","article_modified_time":"2017-07-13T12:47:23+00:00","og_image":[{"width":640,"height":426,"url":"https:\/\/www.donpablo.com.br\/blog\/wp-content\/uploads\/2017\/06\/Saraga\u00e7o3.jpg","type":"image\/jpeg"}],"author":"Administrador","twitter_card":"summary_large_image","twitter_misc":{"Escrito por":"Administrador","Est. tempo de leitura":"3 minutos"},"schema":{"@context":"https:\/\/schema.org","@graph":[{"@type":"WebPage","@id":"https:\/\/www.donpablo.com.br\/blog\/saragaco-bombinhas-2017\/","url":"https:\/\/www.donpablo.com.br\/blog\/saragaco-bombinhas-2017\/","name":"Saraga\u00e7o, a grandiosa festa dos pescadores de Bombinhas - Don Pablo","isPartOf":{"@id":"https:\/\/www.donpablo.com.br\/blog\/#website"},"primaryImageOfPage":{"@id":"https:\/\/www.donpablo.com.br\/blog\/saragaco-bombinhas-2017\/#primaryimage"},"image":{"@id":"https:\/\/www.donpablo.com.br\/blog\/saragaco-bombinhas-2017\/#primaryimage"},"thumbnailUrl":"https:\/\/www.donpablo.com.br\/blog\/wp-content\/uploads\/2017\/06\/Saraga\u00e7o3.jpg","datePublished":"2017-07-03T17:48:42+00:00","dateModified":"2017-07-13T12:47:23+00:00","author":{"@id":"https:\/\/www.donpablo.com.br\/blog\/#\/schema\/person\/eb0bf03e16b82be7a2cbf9ec8f9672fc"},"description":"J\u00e1 imaginou uma competi\u00e7\u00e3o de reunisse ranchos de pescadores, com desafios que envolvem a tradi\u00e7\u00e3o da pesca da tainha? Em Bombinhas, conhe\u00e7a o Saraga\u00e7o.","breadcrumb":{"@id":"https:\/\/www.donpablo.com.br\/blog\/saragaco-bombinhas-2017\/#breadcrumb"},"inLanguage":"pt-BR","potentialAction":[{"@type":"ReadAction","target":["https:\/\/www.donpablo.com.br\/blog\/saragaco-bombinhas-2017\/"]}]},{"@type":"ImageObject","inLanguage":"pt-BR","@id":"https:\/\/www.donpablo.com.br\/blog\/saragaco-bombinhas-2017\/#primaryimage","url":"https:\/\/www.donpablo.com.br\/blog\/wp-content\/uploads\/2017\/06\/Saraga\u00e7o3.jpg","contentUrl":"https:\/\/www.donpablo.com.br\/blog\/wp-content\/uploads\/2017\/06\/Saraga\u00e7o3.jpg","width":640,"height":426,"caption":"Competi\u00e7\u00e3o Saraga\u00e7o 2016 (Foto: Santiago Jos\u00e9 Alef, fanpage Saraga\u00e7o)"},{"@type":"BreadcrumbList","@id":"https:\/\/www.donpablo.com.br\/blog\/saragaco-bombinhas-2017\/#breadcrumb","itemListElement":[{"@type":"ListItem","position":1,"name":"In\u00edcio","item":"https:\/\/www.donpablo.com.br\/blog\/"},{"@type":"ListItem","position":2,"name":"Saraga\u00e7o, a grandiosa festa dos pescadores de Bombinhas"}]},{"@type":"WebSite","@id":"https:\/\/www.donpablo.com.br\/blog\/#website","url":"https:\/\/www.donpablo.com.br\/blog\/","name":"Don Pablo","description":"","potentialAction":[{"@type":"SearchAction","target":{"@type":"EntryPoint","urlTemplate":"https:\/\/www.donpablo.com.br\/blog\/?s={search_term_string}"},"query-input":{"@type":"PropertyValueSpecification","valueRequired":true,"valueName":"search_term_string"}}],"inLanguage":"pt-BR"},{"@type":"Person","@id":"https:\/\/www.donpablo.com.br\/blog\/#\/schema\/person\/eb0bf03e16b82be7a2cbf9ec8f9672fc","name":"Administrador","url":"https:\/\/www.donpablo.com.br\/blog\/author\/admin\/"}]}},"_links":{"self":[{"href":"https:\/\/www.donpablo.com.br\/blog\/wp-json\/wp\/v2\/posts\/491"}],"collection":[{"href":"https:\/\/www.donpablo.com.br\/blog\/wp-json\/wp\/v2\/posts"}],"about":[{"href":"https:\/\/www.donpablo.com.br\/blog\/wp-json\/wp\/v2\/types\/post"}],"author":[{"embeddable":true,"href":"https:\/\/www.donpablo.com.br\/blog\/wp-json\/wp\/v2\/users\/2"}],"replies":[{"embeddable":true,"href":"https:\/\/www.donpablo.com.br\/blog\/wp-json\/wp\/v2\/comments?post=491"}],"version-history":[{"count":3,"href":"https:\/\/www.donpablo.com.br\/blog\/wp-json\/wp\/v2\/posts\/491\/revisions"}],"predecessor-version":[{"id":501,"href":"https:\/\/www.donpablo.com.br\/blog\/wp-json\/wp\/v2\/posts\/491\/revisions\/501"}],"wp:featuredmedia":[{"embeddable":true,"href":"https:\/\/www.donpablo.com.br\/blog\/wp-json\/wp\/v2\/media\/494"}],"wp:attachment":[{"href":"https:\/\/www.donpablo.com.br\/blog\/wp-json\/wp\/v2\/media?parent=491"}],"wp:term":[{"taxonomy":"category","embeddable":true,"href":"https:\/\/www.donpablo.com.br\/blog\/wp-json\/wp\/v2\/categories?post=491"},{"taxonomy":"post_tag","embeddable":true,"href":"https:\/\/www.donpablo.com.br\/blog\/wp-json\/wp\/v2\/tags?post=491"}],"curies":[{"name":"wp","href":"https:\/\/api.w.org\/{rel}","templated":true}]}}