{"id":552,"date":"2017-08-28T15:14:42","date_gmt":"2017-08-28T18:14:42","guid":{"rendered":"http:\/\/www.donpablo.com.br\/blog\/?p=552"},"modified":"2017-08-28T15:14:42","modified_gmt":"2017-08-28T18:14:42","slug":"workshop-bombinhas-fantastica","status":"publish","type":"post","link":"https:\/\/www.donpablo.com.br\/blog\/workshop-bombinhas-fantastica\/","title":{"rendered":"Workshop Bombinhas Fant\u00e1stica ser\u00e1 promovido na Argentina"},"content":{"rendered":"<p>Empres\u00e1rios do ramo hoteleiro e tur\u00edstico de Bombinhas v\u00e3o a Prov\u00edncia de C\u00f3rdoba, no interior da Argentina, promover workshop sobre a cidade de Bombinhas no fim de agosto. O evento contar\u00e1 com a participa\u00e7\u00e3o de 12 empresas de hospedagem da cidade, e a Estalagem Don Pablo estar\u00e1 participando. \u00c9 a primeira vez que o\u00a0<strong>Workshop Bombinhas Fant\u00e1stica\u00a0<\/strong>acontece no exterior.<\/p>\n<p>O evento \u00e9 voltado exclusivamente para promover o destino tur\u00edstico. Contar\u00e1 com a presen\u00e7a de imprensa especializada, ag\u00eancias e operadoras de turismo, al\u00e9m do ramo hoteleiro.<\/p>\n<p>O objetivo \u00e9 evidenciar que Bombinhas \u00e9 um destino tur\u00edstico din\u00e2mico, ou seja, que possui estrutura e atrativos para receber visitantes em todas as \u00e9pocas do ano. Al\u00e9m das praias, h\u00e1 uma s\u00e9rie de atrativos ecol\u00f3gicos e urbanos, como sugerimos a seguir:<\/p>\n<h2><\/h2>\n<h2><strong>Atrativos Ecol\u00f3gicos de Bombinhas<\/strong><\/h2>\n<p>Bombinhas possui tr\u00eas Parques Naturais Municipais, al\u00e9m de uma Reserva Biol\u00f3gica Natural Federal. Esses espa\u00e7os, al\u00e9m de possu\u00edrem Mata Atl\u00e2ntica completamente preservada, apresentam estruturas de trilha que levam a mirantes, grutas e cachoeiras.<\/p>\n<figure id=\"attachment_555\" aria-describedby=\"caption-attachment-555\" style=\"width: 640px\" class=\"wp-caption aligncenter\"><a href=\"https:\/\/www.donpablo.com.br\/blog\/wp-content\/uploads\/2017\/08\/Trilha_da_Tainha.jpg\"><img fetchpriority=\"high\" decoding=\"async\" class=\"size-full wp-image-555\" src=\"https:\/\/www.donpablo.com.br\/blog\/wp-content\/uploads\/2017\/08\/Trilha_da_Tainha.jpg\" alt=\"Trilha da Praia da Tainha (Foto: Turismo Bombinhas)\" width=\"640\" height=\"480\" srcset=\"https:\/\/www.donpablo.com.br\/blog\/wp-content\/uploads\/2017\/08\/Trilha_da_Tainha.jpg 640w, https:\/\/www.donpablo.com.br\/blog\/wp-content\/uploads\/2017\/08\/Trilha_da_Tainha-300x225.jpg 300w\" sizes=\"(max-width: 640px) 100vw, 640px\" \/><\/a><figcaption id=\"caption-attachment-555\" class=\"wp-caption-text\">Trilha da Praia da Tainha &#8211; Bombinhas Fant\u00e1stica (Foto: Turismo Bombinhas)<\/figcaption><\/figure>\n<p>Alguns dos mais not\u00e1veis: mirante do Morro do Macaco, mirante Eco 360\u00ba, praias da Costeira de Zimbros, cachoeira da Praia Triste e Gruta Toca do Cabo.<\/p>\n<h2><strong>Atrativos Urbanos de Bombinhas<\/strong><\/h2>\n<p>No ver\u00e3o, Bombinhas \u00e9 conhecida pelo movimento e por possuir um dos carnavais mais agitados do Vale do Itaja\u00ed. No inverno, \u00e9 considerada uma cidade tranquila e segura para todos os tipos de p\u00fablico.<\/p>\n<figure id=\"attachment_556\" aria-describedby=\"caption-attachment-556\" style=\"width: 640px\" class=\"wp-caption aligncenter\"><a href=\"https:\/\/www.donpablo.com.br\/blog\/wp-content\/uploads\/2017\/08\/37_Canto_Grande_Mar_de_Dentro.jpg\"><img decoding=\"async\" class=\"size-full wp-image-556\" src=\"https:\/\/www.donpablo.com.br\/blog\/wp-content\/uploads\/2017\/08\/37_Canto_Grande_Mar_de_Dentro.jpg\" alt=\"Barcos Mar de Canto Grande (Foto: Turismo Bombinhas)\" width=\"640\" height=\"480\" srcset=\"https:\/\/www.donpablo.com.br\/blog\/wp-content\/uploads\/2017\/08\/37_Canto_Grande_Mar_de_Dentro.jpg 640w, https:\/\/www.donpablo.com.br\/blog\/wp-content\/uploads\/2017\/08\/37_Canto_Grande_Mar_de_Dentro-300x225.jpg 300w\" sizes=\"(max-width: 640px) 100vw, 640px\" \/><\/a><figcaption id=\"caption-attachment-556\" class=\"wp-caption-text\">Barcos Mar de Canto Grande (Foto: Turismo Bombinhas)<\/figcaption><\/figure>\n<p>Al\u00e9m de hot\u00e9is e pousadas estruturados para receber bem os visitantes em qualquer per\u00edodo, conta com atrativos especiais. Shoppings, restaurantes com comida t\u00edpica e grandes lojas s\u00e3o alguns deles.<\/p>\n<p>Alguns dos mais not\u00e1veis s\u00e3o: Shopping Punta Blu, restaurante Berro D\u2019\u00c1gua, Choperia Mar de Fora e, claro, Estalagem Don Pablo.<\/p>\n<h2><\/h2>\n<h2><strong>Atrativos Culturais de Bombinhas<\/strong><\/h2>\n<p>Atrativos e tradi\u00e7\u00f5es culturais \u00e9 o que n\u00e3o faltam na cidade. Povoada pelos povos a\u00e7orianos, tem algumas das suas principais heran\u00e7as voltadas para o artesanato, literatura, dan\u00e7a e principalmente pesca artesanal.<\/p>\n<figure id=\"attachment_460\" aria-describedby=\"caption-attachment-460\" style=\"width: 720px\" class=\"wp-caption aligncenter\"><a href=\"https:\/\/www.donpablo.com.br\/blog\/wp-content\/uploads\/2017\/06\/821736031-XG-Ferias-Brasil.jpg\"><img decoding=\"async\" class=\"size-full wp-image-460\" src=\"https:\/\/www.donpablo.com.br\/blog\/wp-content\/uploads\/2017\/06\/821736031-XG-Ferias-Brasil.jpg\" alt=\"Arrast\u00e3o de tainha em Bombinhas\" width=\"720\" height=\"460\" srcset=\"https:\/\/www.donpablo.com.br\/blog\/wp-content\/uploads\/2017\/06\/821736031-XG-Ferias-Brasil.jpg 720w, https:\/\/www.donpablo.com.br\/blog\/wp-content\/uploads\/2017\/06\/821736031-XG-Ferias-Brasil-300x192.jpg 300w\" sizes=\"(max-width: 720px) 100vw, 720px\" \/><\/a><figcaption id=\"caption-attachment-460\" class=\"wp-caption-text\">Arrast\u00e3o de tainha em Bombinhas (Foto: Ferias Brasil)<\/figcaption><\/figure>\n<p>A pesca artesanal da tainha \u00e9 um evento que acontece exclusivamente nos meses de outono inverno, entre maio e julho. Al\u00e9m de proporcionar um visual incr\u00edvel para os visitantes, essa tradi\u00e7\u00e3o garante a renda de muitas fam\u00edlias.\u00a0Nunca esquecendo a Festa do Saraga\u00e7o, uma comemora\u00e7\u00e3o entre pescadores, popula\u00e7\u00e3o em geral e turistas, celebrando o final da temporada de pesca.<\/p>\n<figure id=\"attachment_554\" aria-describedby=\"caption-attachment-554\" style=\"width: 640px\" class=\"wp-caption aligncenter\"><a href=\"https:\/\/www.donpablo.com.br\/blog\/wp-content\/uploads\/2017\/08\/Sem-t\u00edtulo.png\"><img loading=\"lazy\" decoding=\"async\" class=\"size-full wp-image-554\" src=\"https:\/\/www.donpablo.com.br\/blog\/wp-content\/uploads\/2017\/08\/Sem-t\u00edtulo.png\" alt=\"Tradi\u00e7\u00f5es culturais de Bombinhas: bonecos de argila (Foto: Rodrigo Dalri)\" width=\"640\" height=\"531\" srcset=\"https:\/\/www.donpablo.com.br\/blog\/wp-content\/uploads\/2017\/08\/Sem-t\u00edtulo.png 640w, https:\/\/www.donpablo.com.br\/blog\/wp-content\/uploads\/2017\/08\/Sem-t\u00edtulo-300x249.png 300w\" sizes=\"(max-width: 640px) 100vw, 640px\" \/><\/a><figcaption id=\"caption-attachment-554\" class=\"wp-caption-text\">Tradi\u00e7\u00f5es culturais de Bombinhas: bonecos de argila (Foto: Rodrigo Dalri)<\/figcaption><\/figure>\n<p>&nbsp;<\/p>\n<p>Motivos para visitar a cidade n\u00e3o faltam. Fa\u00e7a uma\u00a0<a href=\"https:\/\/reservas.desbravador.com.br\/reservas\/rol1?token=nXByrtbq6ERO8iY2%2B9fphRv7m1KlYrg65QDuR%2Fom9w%2F8A9UNt%2Fu6EJuwsb9QN1jK%2Bhg2eQIHMYBUfK9fCNmoHQ%3D%3D&amp;checkin=dd-mm-aaaa&amp;checkout=dd-mm-aaaa&amp;adultos=N&amp;cupom=XXXXID979797\">reserva na Estalagem Don Pablo<\/a>\u00a0e garanta os melhores pre\u00e7os.<\/p>\n","protected":false},"excerpt":{"rendered":"<p>Empres\u00e1rios do ramo hoteleiro e tur\u00edstico de Bombinhas v\u00e3o a Prov\u00edncia de C\u00f3rdoba, no interior da Argentina, promover workshop sobre a cidade de Bombinhas no fim de agosto. O evento contar\u00e1 com a participa\u00e7\u00e3o de 12 empresas de hospedagem da cidade, e a Estalagem Don Pablo estar\u00e1 participando. \u00c9 a primeira vez que o\u00a0Workshop Bombinhas [&hellip;]<\/p>\n","protected":false},"author":3,"featured_media":553,"comment_status":"closed","ping_status":"closed","sticky":false,"template":"","format":"standard","meta":{"footnotes":""},"categories":[24],"tags":[54,10,53,52],"class_list":["post-552","post","type-post","status-publish","format-standard","has-post-thumbnail","hentry","category-don-pablo","tag-argentina","tag-bombinhas","tag-bombinhas-fantastica","tag-don-pablo"],"yoast_head":"<!-- This site is optimized with the Yoast SEO plugin v25.5 - https:\/\/yoast.com\/wordpress\/plugins\/seo\/ -->\n<title>Workshop Bombinhas Fant\u00e1stica ser\u00e1 promovido na Argentina - Don Pablo<\/title>\n<meta name=\"description\" content=\"Empres\u00e1rios do setores de turismo e hotelaria v\u00e3o promover workshop Bombinhas Fant\u00e1stica pela primeira vez na Argentina. Conhe\u00e7a a ideia agora.\" \/>\n<meta name=\"robots\" content=\"index, follow, max-snippet:-1, max-image-preview:large, max-video-preview:-1\" \/>\n<link rel=\"canonical\" href=\"https:\/\/www.donpablo.com.br\/blog\/workshop-bombinhas-fantastica\/\" \/>\n<meta property=\"og:locale\" content=\"pt_BR\" \/>\n<meta property=\"og:type\" content=\"article\" \/>\n<meta property=\"og:title\" content=\"Workshop Bombinhas Fant\u00e1stica ser\u00e1 promovido na Argentina - Don Pablo\" \/>\n<meta property=\"og:description\" content=\"Empres\u00e1rios do setores de turismo e hotelaria v\u00e3o promover workshop Bombinhas Fant\u00e1stica pela primeira vez na Argentina. Conhe\u00e7a a ideia agora.\" \/>\n<meta property=\"og:url\" content=\"https:\/\/www.donpablo.com.br\/blog\/workshop-bombinhas-fantastica\/\" \/>\n<meta property=\"og:site_name\" content=\"Don Pablo\" \/>\n<meta property=\"article:published_time\" content=\"2017-08-28T18:14:42+00:00\" \/>\n<meta property=\"og:image\" content=\"https:\/\/www.donpablo.com.br\/blog\/wp-content\/uploads\/2017\/08\/Praia_de_Bombas..jpg\" \/>\n\t<meta property=\"og:image:width\" content=\"640\" \/>\n\t<meta property=\"og:image:height\" content=\"480\" \/>\n\t<meta property=\"og:image:type\" content=\"image\/jpeg\" \/>\n<meta name=\"author\" content=\"redacao\" \/>\n<meta name=\"twitter:card\" content=\"summary_large_image\" \/>\n<meta name=\"twitter:label1\" content=\"Escrito por\" \/>\n\t<meta name=\"twitter:data1\" content=\"redacao\" \/>\n\t<meta name=\"twitter:label2\" content=\"Est. tempo de leitura\" \/>\n\t<meta name=\"twitter:data2\" content=\"3 minutos\" \/>\n<script type=\"application\/ld+json\" class=\"yoast-schema-graph\">{\"@context\":\"https:\/\/schema.org\",\"@graph\":[{\"@type\":\"WebPage\",\"@id\":\"https:\/\/www.donpablo.com.br\/blog\/workshop-bombinhas-fantastica\/\",\"url\":\"https:\/\/www.donpablo.com.br\/blog\/workshop-bombinhas-fantastica\/\",\"name\":\"Workshop Bombinhas Fant\u00e1stica ser\u00e1 promovido na Argentina - Don Pablo\",\"isPartOf\":{\"@id\":\"https:\/\/www.donpablo.com.br\/blog\/#website\"},\"primaryImageOfPage\":{\"@id\":\"https:\/\/www.donpablo.com.br\/blog\/workshop-bombinhas-fantastica\/#primaryimage\"},\"image\":{\"@id\":\"https:\/\/www.donpablo.com.br\/blog\/workshop-bombinhas-fantastica\/#primaryimage\"},\"thumbnailUrl\":\"https:\/\/www.donpablo.com.br\/blog\/wp-content\/uploads\/2017\/08\/Praia_de_Bombas..jpg\",\"datePublished\":\"2017-08-28T18:14:42+00:00\",\"author\":{\"@id\":\"https:\/\/www.donpablo.com.br\/blog\/#\/schema\/person\/2008c2f88fde56d69ee2bb31693e7876\"},\"description\":\"Empres\u00e1rios do setores de turismo e hotelaria v\u00e3o promover workshop Bombinhas Fant\u00e1stica pela primeira vez na Argentina. Conhe\u00e7a a ideia agora.\",\"breadcrumb\":{\"@id\":\"https:\/\/www.donpablo.com.br\/blog\/workshop-bombinhas-fantastica\/#breadcrumb\"},\"inLanguage\":\"pt-BR\",\"potentialAction\":[{\"@type\":\"ReadAction\",\"target\":[\"https:\/\/www.donpablo.com.br\/blog\/workshop-bombinhas-fantastica\/\"]}]},{\"@type\":\"ImageObject\",\"inLanguage\":\"pt-BR\",\"@id\":\"https:\/\/www.donpablo.com.br\/blog\/workshop-bombinhas-fantastica\/#primaryimage\",\"url\":\"https:\/\/www.donpablo.com.br\/blog\/wp-content\/uploads\/2017\/08\/Praia_de_Bombas..jpg\",\"contentUrl\":\"https:\/\/www.donpablo.com.br\/blog\/wp-content\/uploads\/2017\/08\/Praia_de_Bombas..jpg\",\"width\":640,\"height\":480,\"caption\":\"Casal na Praia de Bombas (Foto: Turismo Bombinhas)\"},{\"@type\":\"BreadcrumbList\",\"@id\":\"https:\/\/www.donpablo.com.br\/blog\/workshop-bombinhas-fantastica\/#breadcrumb\",\"itemListElement\":[{\"@type\":\"ListItem\",\"position\":1,\"name\":\"In\u00edcio\",\"item\":\"https:\/\/www.donpablo.com.br\/blog\/\"},{\"@type\":\"ListItem\",\"position\":2,\"name\":\"Workshop Bombinhas Fant\u00e1stica ser\u00e1 promovido na Argentina\"}]},{\"@type\":\"WebSite\",\"@id\":\"https:\/\/www.donpablo.com.br\/blog\/#website\",\"url\":\"https:\/\/www.donpablo.com.br\/blog\/\",\"name\":\"Don Pablo\",\"description\":\"\",\"potentialAction\":[{\"@type\":\"SearchAction\",\"target\":{\"@type\":\"EntryPoint\",\"urlTemplate\":\"https:\/\/www.donpablo.com.br\/blog\/?s={search_term_string}\"},\"query-input\":{\"@type\":\"PropertyValueSpecification\",\"valueRequired\":true,\"valueName\":\"search_term_string\"}}],\"inLanguage\":\"pt-BR\"},{\"@type\":\"Person\",\"@id\":\"https:\/\/www.donpablo.com.br\/blog\/#\/schema\/person\/2008c2f88fde56d69ee2bb31693e7876\",\"name\":\"redacao\",\"url\":\"https:\/\/www.donpablo.com.br\/blog\/author\/rodrigopd97\/\"}]}<\/script>\n<!-- \/ Yoast SEO plugin. -->","yoast_head_json":{"title":"Workshop Bombinhas Fant\u00e1stica ser\u00e1 promovido na Argentina - Don Pablo","description":"Empres\u00e1rios do setores de turismo e hotelaria v\u00e3o promover workshop Bombinhas Fant\u00e1stica pela primeira vez na Argentina. Conhe\u00e7a a ideia agora.","robots":{"index":"index","follow":"follow","max-snippet":"max-snippet:-1","max-image-preview":"max-image-preview:large","max-video-preview":"max-video-preview:-1"},"canonical":"https:\/\/www.donpablo.com.br\/blog\/workshop-bombinhas-fantastica\/","og_locale":"pt_BR","og_type":"article","og_title":"Workshop Bombinhas Fant\u00e1stica ser\u00e1 promovido na Argentina - Don Pablo","og_description":"Empres\u00e1rios do setores de turismo e hotelaria v\u00e3o promover workshop Bombinhas Fant\u00e1stica pela primeira vez na Argentina. Conhe\u00e7a a ideia agora.","og_url":"https:\/\/www.donpablo.com.br\/blog\/workshop-bombinhas-fantastica\/","og_site_name":"Don Pablo","article_published_time":"2017-08-28T18:14:42+00:00","og_image":[{"width":640,"height":480,"url":"https:\/\/www.donpablo.com.br\/blog\/wp-content\/uploads\/2017\/08\/Praia_de_Bombas..jpg","type":"image\/jpeg"}],"author":"redacao","twitter_card":"summary_large_image","twitter_misc":{"Escrito por":"redacao","Est. tempo de leitura":"3 minutos"},"schema":{"@context":"https:\/\/schema.org","@graph":[{"@type":"WebPage","@id":"https:\/\/www.donpablo.com.br\/blog\/workshop-bombinhas-fantastica\/","url":"https:\/\/www.donpablo.com.br\/blog\/workshop-bombinhas-fantastica\/","name":"Workshop Bombinhas Fant\u00e1stica ser\u00e1 promovido na Argentina - Don Pablo","isPartOf":{"@id":"https:\/\/www.donpablo.com.br\/blog\/#website"},"primaryImageOfPage":{"@id":"https:\/\/www.donpablo.com.br\/blog\/workshop-bombinhas-fantastica\/#primaryimage"},"image":{"@id":"https:\/\/www.donpablo.com.br\/blog\/workshop-bombinhas-fantastica\/#primaryimage"},"thumbnailUrl":"https:\/\/www.donpablo.com.br\/blog\/wp-content\/uploads\/2017\/08\/Praia_de_Bombas..jpg","datePublished":"2017-08-28T18:14:42+00:00","author":{"@id":"https:\/\/www.donpablo.com.br\/blog\/#\/schema\/person\/2008c2f88fde56d69ee2bb31693e7876"},"description":"Empres\u00e1rios do setores de turismo e hotelaria v\u00e3o promover workshop Bombinhas Fant\u00e1stica pela primeira vez na Argentina. Conhe\u00e7a a ideia agora.","breadcrumb":{"@id":"https:\/\/www.donpablo.com.br\/blog\/workshop-bombinhas-fantastica\/#breadcrumb"},"inLanguage":"pt-BR","potentialAction":[{"@type":"ReadAction","target":["https:\/\/www.donpablo.com.br\/blog\/workshop-bombinhas-fantastica\/"]}]},{"@type":"ImageObject","inLanguage":"pt-BR","@id":"https:\/\/www.donpablo.com.br\/blog\/workshop-bombinhas-fantastica\/#primaryimage","url":"https:\/\/www.donpablo.com.br\/blog\/wp-content\/uploads\/2017\/08\/Praia_de_Bombas..jpg","contentUrl":"https:\/\/www.donpablo.com.br\/blog\/wp-content\/uploads\/2017\/08\/Praia_de_Bombas..jpg","width":640,"height":480,"caption":"Casal na Praia de Bombas (Foto: Turismo Bombinhas)"},{"@type":"BreadcrumbList","@id":"https:\/\/www.donpablo.com.br\/blog\/workshop-bombinhas-fantastica\/#breadcrumb","itemListElement":[{"@type":"ListItem","position":1,"name":"In\u00edcio","item":"https:\/\/www.donpablo.com.br\/blog\/"},{"@type":"ListItem","position":2,"name":"Workshop Bombinhas Fant\u00e1stica ser\u00e1 promovido na Argentina"}]},{"@type":"WebSite","@id":"https:\/\/www.donpablo.com.br\/blog\/#website","url":"https:\/\/www.donpablo.com.br\/blog\/","name":"Don Pablo","description":"","potentialAction":[{"@type":"SearchAction","target":{"@type":"EntryPoint","urlTemplate":"https:\/\/www.donpablo.com.br\/blog\/?s={search_term_string}"},"query-input":{"@type":"PropertyValueSpecification","valueRequired":true,"valueName":"search_term_string"}}],"inLanguage":"pt-BR"},{"@type":"Person","@id":"https:\/\/www.donpablo.com.br\/blog\/#\/schema\/person\/2008c2f88fde56d69ee2bb31693e7876","name":"redacao","url":"https:\/\/www.donpablo.com.br\/blog\/author\/rodrigopd97\/"}]}},"_links":{"self":[{"href":"https:\/\/www.donpablo.com.br\/blog\/wp-json\/wp\/v2\/posts\/552"}],"collection":[{"href":"https:\/\/www.donpablo.com.br\/blog\/wp-json\/wp\/v2\/posts"}],"about":[{"href":"https:\/\/www.donpablo.com.br\/blog\/wp-json\/wp\/v2\/types\/post"}],"author":[{"embeddable":true,"href":"https:\/\/www.donpablo.com.br\/blog\/wp-json\/wp\/v2\/users\/3"}],"replies":[{"embeddable":true,"href":"https:\/\/www.donpablo.com.br\/blog\/wp-json\/wp\/v2\/comments?post=552"}],"version-history":[{"count":3,"href":"https:\/\/www.donpablo.com.br\/blog\/wp-json\/wp\/v2\/posts\/552\/revisions"}],"predecessor-version":[{"id":560,"href":"https:\/\/www.donpablo.com.br\/blog\/wp-json\/wp\/v2\/posts\/552\/revisions\/560"}],"wp:featuredmedia":[{"embeddable":true,"href":"https:\/\/www.donpablo.com.br\/blog\/wp-json\/wp\/v2\/media\/553"}],"wp:attachment":[{"href":"https:\/\/www.donpablo.com.br\/blog\/wp-json\/wp\/v2\/media?parent=552"}],"wp:term":[{"taxonomy":"category","embeddable":true,"href":"https:\/\/www.donpablo.com.br\/blog\/wp-json\/wp\/v2\/categories?post=552"},{"taxonomy":"post_tag","embeddable":true,"href":"https:\/\/www.donpablo.com.br\/blog\/wp-json\/wp\/v2\/tags?post=552"}],"curies":[{"name":"wp","href":"https:\/\/api.w.org\/{rel}","templated":true}]}}